{"id":313,"date":"2009-08-03T22:16:54","date_gmt":"2009-08-03T19:16:54","guid":{"rendered":"http:\/\/www.neulakko.net\/?p=313"},"modified":"2009-08-03T22:16:54","modified_gmt":"2009-08-03T19:16:54","slug":"lisaa-kuvia","status":"publish","type":"post","link":"https:\/\/neulakko.net\/?p=313","title":{"rendered":"Lis\u00e4\u00e4 kuvia"},"content":{"rendered":"<p>Koska edellisen postauksen kuvista tyk\u00e4ttiin, t\u00e4ss\u00e4 v\u00e4h\u00e4n lis\u00e4\u00e4. Julkaisen t\u00e4ss\u00e4 kuvia l\u00e4hinn\u00e4 itsest\u00e4ni, en ollakseni kamalan itsekeskeinen vaan siksi etten ole kysynyt kavereilta lupaa sellaisten kuvien n\u00e4ytt\u00e4miseen jossa itse ovat.<\/p>\n<p>Seuraava Nuijasota on muuten 9.-18.7. 2010. Kannattaa laittaa kalenteriin ja harkintaan!<\/p>\n<p><strong>More pictures<\/strong><\/p>\n<p>Because people seemed to like the pictures, here&#8217;s some more. I&#8217;m mostly posting pictures of myself &#8211; not to be horribly self-centered, but because I don&#8217;t know if all the people in the group pics would like their pictures posted online.<\/p>\n<p>BTW, the next Cudgel War is on 9.-18.7.2010. If you&#8217;ve ever thought about eventing in Finland, this is one long and laidback event worth visiting!<\/p>\n<p><img decoding=\"async\" alt=\"langat.jpg\" id=\"image308\" src=\"http:\/\/www.neulakko.net\/wp-content\/uploads\/2009\/08\/langat.jpg\" \/><\/p>\n<p>Kasviv\u00e4rj\u00e4yksen tuloksia. V\u00e4riaineina pihapiirin kasveja, mm. nokkonen ja horsma. Lankoina Veera ja Pirkka. Luonnossa v\u00e4rit ovat viel\u00e4 kirkkaampia ja syvempi\u00e4.<br \/>\nDyeing results. All the colours are made with plants from around the camp, like nettles. (I&#8217;m really poor with plant names in English, have to make an edit when I know what all the plants are called.) The yarns are Veera and Pirkka. The picture doesn&#8217;t do justice to the vibrant colors.<\/p>\n<p><img decoding=\"async\" alt=\"vaatteet.jpg\" id=\"image309\" src=\"http:\/\/www.neulakko.net\/wp-content\/uploads\/2009\/08\/vaatteet.jpg\" \/><\/p>\n<p>Vaatteiden n\u00e4pp\u00e4r\u00e4\u00e4 s\u00e4ilytyst\u00e4 teltassa.<\/p>\n<p>Convenient clothes storage in my tent.<\/p>\n<p><img decoding=\"async\" alt=\"kirjonta.jpg\" id=\"image310\" src=\"http:\/\/www.neulakko.net\/wp-content\/uploads\/2009\/08\/kirjonta.jpg\" \/><\/p>\n<p>Kirjonnan krhm&#8230; edistyst\u00e4. Laskettu kirjonta etenee itse asiassa mukavasti, mutta t\u00e4ss\u00e4 olin juuri huomannut pienen virheen kirjonnassa, mik\u00e4 oli.. turhauttavaa. :D Pit\u00e4isi my\u00f6s hankkia\/tehd\u00e4 keskiaikasempi kirjontakehys.<\/p>\n<p>Embroidery ahem&#8230; progress. My counted thread embroidery is actually progressing quite nicely but as this picture was taken, I realized I had made a little mistake, which was.. frustrating. :D I should also get\/make a more medieval embroidery frame.<\/p>\n<p><img decoding=\"async\" alt=\"nuija.jpeg\" id=\"image311\" src=\"http:\/\/www.neulakko.net\/wp-content\/uploads\/2009\/08\/nuija.jpeg\" \/><\/p>\n<p>T\u00e4ss\u00e4 kuvassa ryppyhuntu p\u00e4\u00e4see oikeuksiinsa. Se n\u00e4ytt\u00e4\u00e4 parhaalta kunnon peitt\u00e4v\u00e4n leukaliinan kanssa. Kruunu ei ehk\u00e4 oikein istu, mutta t\u00e4n\u00e4 iltana se oli v\u00e4h\u00e4n pakollinen.<\/p>\n<p>This picture shows the frilled veil in all it&#8217;s frothy glory. I like wearing it best with a rather full wimple. It would look better without the coronet, but that was a bit obligatory on this evening.<\/p>\n<p><img decoding=\"async\" alt=\"huntu1.jpg\" id=\"image312\" src=\"http:\/\/www.neulakko.net\/wp-content\/uploads\/2009\/08\/huntu1.jpg\" \/><\/p>\n<p>Ja yksi galtsutyyliin itsest\u00e4 otettu tunnelmakuva ryppyhunnusta kaupan p\u00e4\u00e4lle!<\/p>\n<p>And one more picture of the frilly veil and of how much fun we were having!<\/p>\n","protected":false},"excerpt":{"rendered":"<p>Koska edellisen postauksen kuvista tyk\u00e4ttiin, t\u00e4ss\u00e4 v\u00e4h\u00e4n lis\u00e4\u00e4. Julkaisen t\u00e4ss\u00e4 kuvia l\u00e4hinn\u00e4 itsest\u00e4ni, en ollakseni kamalan itsekeskeinen vaan siksi etten ole kysynyt kavereilta lupaa sellaisten kuvien n\u00e4ytt\u00e4miseen jossa itse ovat. Seuraava Nuijasota on muuten 9.-18.7. 2010. Kannattaa laittaa kalenteriin ja harkintaan! More pictures Because people seemed to like the pictures, here&#8217;s some more. I&#8217;m mostly &hellip; <\/p>\n<p class=\"link-more\"><a href=\"https:\/\/neulakko.net\/?p=313\" class=\"more-link\">Jatka lukemista<span class=\"screen-reader-text\"> &#8221;Lis\u00e4\u00e4 kuvia&#8221;<\/span><\/a><\/p>\n","protected":false},"author":2,"featured_media":0,"comment_status":"open","ping_status":"closed","sticky":false,"template":"","format":"standard","meta":{"jetpack_post_was_ever_published":false,"_jetpack_newsletter_access":"","_jetpack_dont_email_post_to_subs":false,"_jetpack_newsletter_tier_id":0,"_jetpack_memberships_contains_paywalled_content":false,"_jetpack_memberships_contains_paid_content":false,"footnotes":"","jetpack_publicize_message":"","jetpack_publicize_feature_enabled":true,"jetpack_social_post_already_shared":false,"jetpack_social_options":{"image_generator_settings":{"template":"highway","enabled":false},"version":2}},"categories":[9],"tags":[],"class_list":["post-313","post","type-post","status-publish","format-standard","hentry","category-kuvat"],"jetpack_publicize_connections":[],"jetpack_featured_media_url":"","jetpack_shortlink":"https:\/\/wp.me\/p3uIb4-53","jetpack_sharing_enabled":true,"_links":{"self":[{"href":"https:\/\/neulakko.net\/index.php?rest_route=\/wp\/v2\/posts\/313","targetHints":{"allow":["GET"]}}],"collection":[{"href":"https:\/\/neulakko.net\/index.php?rest_route=\/wp\/v2\/posts"}],"about":[{"href":"https:\/\/neulakko.net\/index.php?rest_route=\/wp\/v2\/types\/post"}],"author":[{"embeddable":true,"href":"https:\/\/neulakko.net\/index.php?rest_route=\/wp\/v2\/users\/2"}],"replies":[{"embeddable":true,"href":"https:\/\/neulakko.net\/index.php?rest_route=%2Fwp%2Fv2%2Fcomments&post=313"}],"version-history":[{"count":0,"href":"https:\/\/neulakko.net\/index.php?rest_route=\/wp\/v2\/posts\/313\/revisions"}],"wp:attachment":[{"href":"https:\/\/neulakko.net\/index.php?rest_route=%2Fwp%2Fv2%2Fmedia&parent=313"}],"wp:term":[{"taxonomy":"category","embeddable":true,"href":"https:\/\/neulakko.net\/index.php?rest_route=%2Fwp%2Fv2%2Fcategories&post=313"},{"taxonomy":"post_tag","embeddable":true,"href":"https:\/\/neulakko.net\/index.php?rest_route=%2Fwp%2Fv2%2Ftags&post=313"}],"curies":[{"name":"wp","href":"https:\/\/api.w.org\/{rel}","templated":true}]}}